{"id":577,"date":"2022-11-16T00:32:07","date_gmt":"2022-11-16T03:32:07","guid":{"rendered":"http:\/\/www.apeffa.com\/?p=577"},"modified":"2022-11-16T00:32:08","modified_gmt":"2022-11-16T03:32:08","slug":"charla-la-previa-del-mundial","status":"publish","type":"post","link":"https:\/\/www.apeffa.com\/?p=577","title":{"rendered":"CHARLA: LA PREVIA DEL MUNDIAL"},"content":{"rendered":"\n<figure class=\"wp-block-image size-large\"><a href=\"https:\/\/youtu.be\/8CAwzIo6jpI\"><img decoding=\"async\" loading=\"lazy\" width=\"1024\" height=\"1024\" src=\"https:\/\/www.apeffa.com\/wp-content\/uploads\/2022\/11\/WhatsApp-Image-2022-11-12-at-2.20.21-PM1-1024x1024.jpeg\" alt=\"\" class=\"wp-image-578\" srcset=\"https:\/\/www.apeffa.com\/wp-content\/uploads\/2022\/11\/WhatsApp-Image-2022-11-12-at-2.20.21-PM1-1024x1024.jpeg 1024w, https:\/\/www.apeffa.com\/wp-content\/uploads\/2022\/11\/WhatsApp-Image-2022-11-12-at-2.20.21-PM1-300x300.jpeg 300w, https:\/\/www.apeffa.com\/wp-content\/uploads\/2022\/11\/WhatsApp-Image-2022-11-12-at-2.20.21-PM1-150x150.jpeg 150w, https:\/\/www.apeffa.com\/wp-content\/uploads\/2022\/11\/WhatsApp-Image-2022-11-12-at-2.20.21-PM1-768x768.jpeg 768w, https:\/\/www.apeffa.com\/wp-content\/uploads\/2022\/11\/WhatsApp-Image-2022-11-12-at-2.20.21-PM1-50x50.jpeg 50w, https:\/\/www.apeffa.com\/wp-content\/uploads\/2022\/11\/WhatsApp-Image-2022-11-12-at-2.20.21-PM1-80x80.jpeg 80w, https:\/\/www.apeffa.com\/wp-content\/uploads\/2022\/11\/WhatsApp-Image-2022-11-12-at-2.20.21-PM1.jpeg 1080w\" sizes=\"(max-width: 1024px) 100vw, 1024px\" \/><\/a><\/figure>\n\n\n\n<p>Junto los prestigiosos y experimentados profesores mundialistas, donde nos contar\u00e1n sus distintas vivencias y abordaremos diferentes interrogantes que se plantean en la planificaci\u00f3n de un un seleccionado para participar de una copa mundial de f\u00fatbol.<br><br><strong>\u00bfCu\u00e1ndo?<\/strong> Mi\u00e9rcoles 16-11<br><strong>Hora:<\/strong> 19 hs<br><strong>GRATUITA<\/strong><br>A trav\u00e9s del canal de YouTube de APEFFA: <a href=\"https:\/\/youtu.be\/8CAwzIo6jpI\">https:\/\/youtu.be\/8CAwzIo6jpI<\/a><\/p>\n\n\n\n<p>Profesores: Eduardo Urtasun, N\u00e9stor Bonillo y Elvio Paolorosso<\/p>\n","protected":false},"excerpt":{"rendered":"<p>Junto los prestigiosos y experimentados profesores mundialistas, donde nos contar\u00e1n sus distintas vivencias y abordaremos diferentes interrogantes que se plantean en la planificaci\u00f3n de un un seleccionado para participar de una copa mundial de f\u00fatbol. \u00bfCu\u00e1ndo? Mi\u00e9rcoles 16-11Hora: 19 hsGRATUITAA trav\u00e9s del canal de YouTube de APEFFA: https:\/\/youtu.be\/8CAwzIo6jpI Profesores: Eduardo Urtasun, N\u00e9stor Bonillo y Elvio [&hellip;]<\/p>\n","protected":false},"author":1,"featured_media":0,"comment_status":"closed","ping_status":"open","sticky":false,"template":"","format":"standard","meta":[],"categories":[2],"tags":[],"acf":[],"_links":{"self":[{"href":"https:\/\/www.apeffa.com\/index.php?rest_route=\/wp\/v2\/posts\/577"}],"collection":[{"href":"https:\/\/www.apeffa.com\/index.php?rest_route=\/wp\/v2\/posts"}],"about":[{"href":"https:\/\/www.apeffa.com\/index.php?rest_route=\/wp\/v2\/types\/post"}],"author":[{"embeddable":true,"href":"https:\/\/www.apeffa.com\/index.php?rest_route=\/wp\/v2\/users\/1"}],"replies":[{"embeddable":true,"href":"https:\/\/www.apeffa.com\/index.php?rest_route=%2Fwp%2Fv2%2Fcomments&post=577"}],"version-history":[{"count":1,"href":"https:\/\/www.apeffa.com\/index.php?rest_route=\/wp\/v2\/posts\/577\/revisions"}],"predecessor-version":[{"id":579,"href":"https:\/\/www.apeffa.com\/index.php?rest_route=\/wp\/v2\/posts\/577\/revisions\/579"}],"wp:attachment":[{"href":"https:\/\/www.apeffa.com\/index.php?rest_route=%2Fwp%2Fv2%2Fmedia&parent=577"}],"wp:term":[{"taxonomy":"category","embeddable":true,"href":"https:\/\/www.apeffa.com\/index.php?rest_route=%2Fwp%2Fv2%2Fcategories&post=577"},{"taxonomy":"post_tag","embeddable":true,"href":"https:\/\/www.apeffa.com\/index.php?rest_route=%2Fwp%2Fv2%2Ftags&post=577"}],"curies":[{"name":"wp","href":"https:\/\/api.w.org\/{rel}","templated":true}]}}